{"id":930,"date":"2021-02-01T07:50:20","date_gmt":"2021-02-01T07:50:20","guid":{"rendered":"http:\/\/ferreirayasociados.com.uy\/site\/?p=930"},"modified":"2021-04-19T22:04:24","modified_gmt":"2021-04-19T22:04:24","slug":"ferreira-victoria","status":"publish","type":"post","link":"https:\/\/ferreirayasociados.com.uy\/site\/ferreira-victoria\/","title":{"rendered":"FERREIRA, Victoria"},"content":{"rendered":"<p><strong><a href=\"http:\/\/ferreirayasociados.com.uy\/site\/wp-content\/uploads\/2021\/04\/vicfer.jpg\"><img loading=\"lazy\" class=\"alignleft wp-image-931\" src=\"http:\/\/ferreirayasociados.com.uy\/site\/wp-content\/uploads\/2021\/04\/vicfer-215x300.jpg\" alt=\"\" width=\"300\" height=\"419\" srcset=\"https:\/\/ferreirayasociados.com.uy\/site\/wp-content\/uploads\/2021\/04\/vicfer-215x300.jpg 215w, https:\/\/ferreirayasociados.com.uy\/site\/wp-content\/uploads\/2021\/04\/vicfer-734x1024.jpg 734w, https:\/\/ferreirayasociados.com.uy\/site\/wp-content\/uploads\/2021\/04\/vicfer-768x1072.jpg 768w, https:\/\/ferreirayasociados.com.uy\/site\/wp-content\/uploads\/2021\/04\/vicfer.jpg 948w\" sizes=\"(max-width: 300px) 100vw, 300px\" \/><\/a>Victoria Ferreira<\/strong> es Licenciada en Trabajo Social de la Universidad Cat\u00f3lica del Uruguay, actualmente se encuentra cursando un Diplomado en Estudios Avanzados en Desarrollo e Intervenci\u00f3n temprana en el ni\u00f1o peque\u00f1o en la Universidad Aut\u00f3noma de San Mart\u00edn (Argentina) y un posgrado en Asistencia integral a varones que ejercen violencia de g\u00e9nero en la Universidad Provincial de C\u00f3rdoba (Argentina).<\/p>\n<p>Se desempe\u00f1\u00f3 como Trabajadora Social en el Club de Ni\u00f1os-Los Pinos (2019-2020).<\/p>\n<p>Particip\u00f3 en los siguientes proyectos comunitarios a trav\u00e9s de la Universidad Cat\u00f3lica del Uruguay:<br \/>\n\u25cf 2017- Escuela Ansina N\u00ba118.<br \/>\n\u25cf 2018- Hogar Cimarr\u00f3n (semi-libertad).<br \/>\n\u25cf 2019- Hogar desaf\u00edo (privados de libertad).<br \/>\n\u25cf 2020- Violencia institucional hacia la poblaci\u00f3n adolescente, en coordinaci\u00f3n con el Mecanismo Nacional de Prevenci\u00f3n de la Tortura.<\/p>\n<p>Contacto: <a href=\"_wp_link_placeholder\" data-wplink-edit=\"true\">vferreira@ferreirayasociados.com.uy<\/a><\/p>\n","protected":false},"excerpt":{"rendered":"<p>Victoria Ferreira es Licenciada en Trabajo Social de la Universidad Cat\u00f3lica del Uruguay, actualmente se encuentra cursando un Diplomado en Estudios Avanzados en Desarrollo e Intervenci\u00f3n temprana en el ni\u00f1o peque\u00f1o en la Universidad Aut\u00f3noma de San Mart\u00edn (Argentina) y un posgrado en Asistencia integral a varones que ejercen violencia de g\u00e9nero en la Universidad [&hellip;]<\/p>\n","protected":false},"author":1,"featured_media":931,"comment_status":"closed","ping_status":"open","sticky":false,"template":"","format":"standard","meta":[],"categories":[41],"tags":[],"_links":{"self":[{"href":"https:\/\/ferreirayasociados.com.uy\/site\/wp-json\/wp\/v2\/posts\/930"}],"collection":[{"href":"https:\/\/ferreirayasociados.com.uy\/site\/wp-json\/wp\/v2\/posts"}],"about":[{"href":"https:\/\/ferreirayasociados.com.uy\/site\/wp-json\/wp\/v2\/types\/post"}],"author":[{"embeddable":true,"href":"https:\/\/ferreirayasociados.com.uy\/site\/wp-json\/wp\/v2\/users\/1"}],"replies":[{"embeddable":true,"href":"https:\/\/ferreirayasociados.com.uy\/site\/wp-json\/wp\/v2\/comments?post=930"}],"version-history":[{"count":2,"href":"https:\/\/ferreirayasociados.com.uy\/site\/wp-json\/wp\/v2\/posts\/930\/revisions"}],"predecessor-version":[{"id":936,"href":"https:\/\/ferreirayasociados.com.uy\/site\/wp-json\/wp\/v2\/posts\/930\/revisions\/936"}],"wp:featuredmedia":[{"embeddable":true,"href":"https:\/\/ferreirayasociados.com.uy\/site\/wp-json\/wp\/v2\/media\/931"}],"wp:attachment":[{"href":"https:\/\/ferreirayasociados.com.uy\/site\/wp-json\/wp\/v2\/media?parent=930"}],"wp:term":[{"taxonomy":"category","embeddable":true,"href":"https:\/\/ferreirayasociados.com.uy\/site\/wp-json\/wp\/v2\/categories?post=930"},{"taxonomy":"post_tag","embeddable":true,"href":"https:\/\/ferreirayasociados.com.uy\/site\/wp-json\/wp\/v2\/tags?post=930"}],"curies":[{"name":"wp","href":"https:\/\/api.w.org\/{rel}","templated":true}]}}