{"id":740,"date":"2021-02-01T06:30:01","date_gmt":"2021-02-01T06:30:01","guid":{"rendered":"http:\/\/ferreirayasociados.com.uy\/site\/?p=740"},"modified":"2021-04-19T22:02:36","modified_gmt":"2021-04-19T22:02:36","slug":"freyer-pablo","status":"publish","type":"post","link":"https:\/\/ferreirayasociados.com.uy\/site\/freyer-pablo\/","title":{"rendered":"FREYER, Pablo."},"content":{"rendered":"<p><a href=\"http:\/\/ferreirayasociados.com.uy\/site\/wp-content\/uploads\/2014\/06\/MG_0131.jpg\"><img loading=\"lazy\" class=\"alignleft wp-image-817 size-medium\" src=\"http:\/\/ferreirayasociados.com.uy\/site\/wp-content\/uploads\/2014\/06\/MG_0131-300x199.jpg\" alt=\"_MG_0131\" width=\"300\" height=\"199\" srcset=\"https:\/\/ferreirayasociados.com.uy\/site\/wp-content\/uploads\/2014\/06\/MG_0131-300x199.jpg 300w, https:\/\/ferreirayasociados.com.uy\/site\/wp-content\/uploads\/2014\/06\/MG_0131.jpg 650w\" sizes=\"(max-width: 300px) 100vw, 300px\" \/><\/a><\/p>\n<p><strong>Pablo Freyer<\/strong> se gradu\u00f3 como contador p\u00fablico en la Universidad de la Rep\u00fablica (UDELAR), tiene un \u201cMaster in Business Administration\u201d (MBA) y un posgrado en Finanzas Corporativas de la Universidad Cat\u00f3lica del Uruguay (UCUDAL). Adem\u00e1s realiz\u00f3 el \u201cPrograma Capstone de optimizaci\u00f3n de habilidades gerenciales\u201d dise\u00f1ado e impartido por el INCAE Business School en Costa Rica.<\/p>\n<p>Es profesor titular grado 3 de la UCUDAL en carreras de grado y posgrado, dictando diferentes cursos sobre finanzas y mercados de capitales. Es profesor de Planificaci\u00f3n Financiera del programa MBA de la Universidad Cat\u00f3lica de Murcia con sede en Uruguay. Dicta cursos y es tutor de emprendedores en la Incubadora NEXO (UCUDAL).<\/p>\n<p>Pablo ha participado como conferencista en numerosos encuentros, exponiendo sobre modelos de negocios inclusivos, finanzas y producci\u00f3n industrial. Es miembro de la Comisi\u00f3n Administradora Honoraria del Fondo de Financiamiento y Desarrollo Sustentable de la Actividad Lechera y miembro de la Asociaci\u00f3n Uruguaya de Peritos (AUPE).<\/p>\n<p>Ha trabajado como Gerente Financiero y Contador General en prestigiosas empresas nacionales y multinacionales, destac\u00e1ndose una trayectoria de m\u00e1s de 25 a\u00f1os en el \u00e1mbito agroindustrial, industrial y comercio. En el \u00e1mbito profesional se especializa en restructuraci\u00f3n de deudas y fuentes de financiamiento y consultor\u00edas de gesti\u00f3n.<\/p>\n","protected":false},"excerpt":{"rendered":"<p>Pablo Freyer se gradu\u00f3 como contador p\u00fablico en la Universidad de la Rep\u00fablica (UDELAR), tiene un \u201cMaster in Business Administration\u201d (MBA) y un posgrado en Finanzas Corporativas de la Universidad Cat\u00f3lica del Uruguay (UCUDAL). Adem\u00e1s realiz\u00f3 el \u201cPrograma Capstone de optimizaci\u00f3n de habilidades gerenciales\u201d dise\u00f1ado e impartido por el INCAE Business School en Costa Rica. [&hellip;]<\/p>\n","protected":false},"author":1,"featured_media":817,"comment_status":"closed","ping_status":"open","sticky":false,"template":"","format":"standard","meta":[],"categories":[41],"tags":[],"_links":{"self":[{"href":"https:\/\/ferreirayasociados.com.uy\/site\/wp-json\/wp\/v2\/posts\/740"}],"collection":[{"href":"https:\/\/ferreirayasociados.com.uy\/site\/wp-json\/wp\/v2\/posts"}],"about":[{"href":"https:\/\/ferreirayasociados.com.uy\/site\/wp-json\/wp\/v2\/types\/post"}],"author":[{"embeddable":true,"href":"https:\/\/ferreirayasociados.com.uy\/site\/wp-json\/wp\/v2\/users\/1"}],"replies":[{"embeddable":true,"href":"https:\/\/ferreirayasociados.com.uy\/site\/wp-json\/wp\/v2\/comments?post=740"}],"version-history":[{"count":4,"href":"https:\/\/ferreirayasociados.com.uy\/site\/wp-json\/wp\/v2\/posts\/740\/revisions"}],"predecessor-version":[{"id":934,"href":"https:\/\/ferreirayasociados.com.uy\/site\/wp-json\/wp\/v2\/posts\/740\/revisions\/934"}],"wp:featuredmedia":[{"embeddable":true,"href":"https:\/\/ferreirayasociados.com.uy\/site\/wp-json\/wp\/v2\/media\/817"}],"wp:attachment":[{"href":"https:\/\/ferreirayasociados.com.uy\/site\/wp-json\/wp\/v2\/media?parent=740"}],"wp:term":[{"taxonomy":"category","embeddable":true,"href":"https:\/\/ferreirayasociados.com.uy\/site\/wp-json\/wp\/v2\/categories?post=740"},{"taxonomy":"post_tag","embeddable":true,"href":"https:\/\/ferreirayasociados.com.uy\/site\/wp-json\/wp\/v2\/tags?post=740"}],"curies":[{"name":"wp","href":"https:\/\/api.w.org\/{rel}","templated":true}]}}