{"id":560,"date":"2021-02-01T07:31:31","date_gmt":"2021-02-01T07:31:31","guid":{"rendered":"http:\/\/ferreirayasociados.com.uy\/site\/?p=560"},"modified":"2021-05-05T14:56:50","modified_gmt":"2021-05-05T14:56:50","slug":"ferreira-delia-gabriel","status":"publish","type":"post","link":"https:\/\/ferreirayasociados.com.uy\/site\/ferreira-delia-gabriel\/","title":{"rendered":"FERREIRA D\u00b4EL\u00cdA, Gabriel."},"content":{"rendered":"<p><a href=\"http:\/\/ferreirayasociados.com.uy\/site\/wp-content\/uploads\/2021\/02\/gferreira-e1612367458343.jpg\"><img loading=\"lazy\" class=\"alignleft size-full wp-image-902\" src=\"http:\/\/ferreirayasociados.com.uy\/site\/wp-content\/uploads\/2021\/02\/gferreira-e1612367458343.jpg\" alt=\"\" width=\"285\" height=\"377\" \/><\/a><\/p>\n<p><strong>Gabriel Ferreira<\/strong> es Contador P\u00fablico (Universidad de la Rep\u00fablica), especialista en Finanzas con \u00e9nfasis en Finanzas Corporativas (Universidad Cat\u00f3lica del Uruguay), con Maestr\u00eda en Direcci\u00f3n de Empresas (Universidad Cat\u00f3lica del Uruguay).<\/p>\n<p>Se ha desempe\u00f1ado en consultoras de reconocido prestigio internacional (entre las que se destaca Deloitte), ha sido autor de trabajos sobre temas de su especialidad presentados en congresos realizados en Uruguay y el exterior (algunos han sido publicados en el diario El Pa\u00eds de Uruguay; Bolet\u00edn T\u00e9cnico del Colegio de Contadores, Economistas y Administradores del Uruguay; Estado de Derecho; entre otros).<\/p>\n<p>Su especialidad es el asesoramiento financiero y contable, con destacada actuaci\u00f3n en materia concursal y pericial.<\/p>\n<p>Socio del Colegio de Contadores, Economistas y Administradores del Uruguay desde junio de 2000, integrando el Consejo Directivo entre noviembre de 2015 y noviembre de 2020.<\/p>\n<p>Presidente de la Comisi\u00f3n T\u00e9cnica sobre la Actuaci\u00f3n del Profesional en Ciencias Econ\u00f3micas en el \u00c1mbito Judicial del Colegio de Contadores, Economistas y Administradores del Uruguay desde abril de 2016 a la fecha.<\/p>\n<p>Socio de la Asociaci\u00f3n Uruguaya de Peritos (A.U.PE.) desde noviembre de 2000, integrando la Comisi\u00f3n Directiva entre mayo de 2008 y abril de 2011<\/p>\n<p>Director Contable del Departamento Concursal de A.U.PE. desde el a\u00f1o 2011.<\/p>\n<p>Adherente individual de la Asociaci\u00f3n Interamericana de Contabilidad desde el a\u00f1o 2016 a la fecha.<\/p>\n<p>Miembro de la Comisi\u00f3n T\u00e9cnica de Peritaje Contable de la Asociaci\u00f3n Interamericana de Contabilidad desde mayo de 2018 a la fecha.<\/p>\n<p>Integrante del Comit\u00e9 de Auditor\u00eda y Vigilancia, as\u00ed como de la Comisi\u00f3n Fiscal de Areaflin S.A. \u00a0desde diciembre de 2016.<\/p>\n<p>Integrante de la Comisi\u00f3n Fiscal del Club Atl\u00e9tico Pe\u00f1arol entre noviembre de 2018 y diciembre de 2020.<\/p>\n<p>Profesor titular de la C\u00e1tedra de Actuaci\u00f3n del Contador de la Facultad de Ciencias Empresariales de la Universidad de la Empresa, para las Sedes de Montevideo y Colonia desde agosto de 2016.<\/p>\n<p>Profesor de la C\u00e1tedra de Procedimientos Concursales \u2013 Actuaciones Periciales de la Facultad de Ciencias Empresariales de la Universidad Cat\u00f3lica del Uruguay desde el a\u00f1o 2002, siendo su responsable desde el a\u00f1o 2016 para las Sedes de Montevideo y Punta del Este.<\/p>\n<p><strong>Contacto:<\/strong> <a href=\"mailto:gferreira@ferreirayasociados.com.uy\">gferreira@ferreirayasociados.com.uy<br \/>\n<\/a><br \/>\n<a href=\"http:\/\/uy.linkedin.com\/pub\/gabriel-ferreira\/48\/4b\/283\"><img loading=\"lazy\" src=\"https:\/\/static.licdn.com\/scds\/common\/u\/img\/webpromo\/btn_myprofile_160x33_es_ES.png?locale=\" alt=\"Ver el perfil de Gabriel Ferreira en LinkedIn\" width=\"160\" height=\"33\" border=\"0\" \/> <\/a><\/p>\n","protected":false},"excerpt":{"rendered":"<p>Gabriel Ferreira es Contador P\u00fablico (Universidad de la Rep\u00fablica), especialista en Finanzas con \u00e9nfasis en Finanzas Corporativas (Universidad Cat\u00f3lica del Uruguay), con Maestr\u00eda en Direcci\u00f3n de Empresas (Universidad Cat\u00f3lica del Uruguay). Se ha desempe\u00f1ado en consultoras de reconocido prestigio internacional (entre las que se destaca Deloitte), ha sido autor de trabajos sobre temas de su [&hellip;]<\/p>\n","protected":false},"author":1,"featured_media":902,"comment_status":"open","ping_status":"open","sticky":false,"template":"","format":"standard","meta":[],"categories":[41],"tags":[],"_links":{"self":[{"href":"https:\/\/ferreirayasociados.com.uy\/site\/wp-json\/wp\/v2\/posts\/560"}],"collection":[{"href":"https:\/\/ferreirayasociados.com.uy\/site\/wp-json\/wp\/v2\/posts"}],"about":[{"href":"https:\/\/ferreirayasociados.com.uy\/site\/wp-json\/wp\/v2\/types\/post"}],"author":[{"embeddable":true,"href":"https:\/\/ferreirayasociados.com.uy\/site\/wp-json\/wp\/v2\/users\/1"}],"replies":[{"embeddable":true,"href":"https:\/\/ferreirayasociados.com.uy\/site\/wp-json\/wp\/v2\/comments?post=560"}],"version-history":[{"count":15,"href":"https:\/\/ferreirayasociados.com.uy\/site\/wp-json\/wp\/v2\/posts\/560\/revisions"}],"predecessor-version":[{"id":941,"href":"https:\/\/ferreirayasociados.com.uy\/site\/wp-json\/wp\/v2\/posts\/560\/revisions\/941"}],"wp:featuredmedia":[{"embeddable":true,"href":"https:\/\/ferreirayasociados.com.uy\/site\/wp-json\/wp\/v2\/media\/902"}],"wp:attachment":[{"href":"https:\/\/ferreirayasociados.com.uy\/site\/wp-json\/wp\/v2\/media?parent=560"}],"wp:term":[{"taxonomy":"category","embeddable":true,"href":"https:\/\/ferreirayasociados.com.uy\/site\/wp-json\/wp\/v2\/categories?post=560"},{"taxonomy":"post_tag","embeddable":true,"href":"https:\/\/ferreirayasociados.com.uy\/site\/wp-json\/wp\/v2\/tags?post=560"}],"curies":[{"name":"wp","href":"https:\/\/api.w.org\/{rel}","templated":true}]}}